{"id":7310,"date":"2018-11-06T12:20:57","date_gmt":"2018-11-06T10:20:57","guid":{"rendered":"https:\/\/ingridlibra.com\/wpx\/?p=7310"},"modified":"2018-11-06T12:43:02","modified_gmt":"2018-11-06T10:43:02","slug":"levoluzione-ce-ed-e-sempre-piu-veloce","status":"publish","type":"post","link":"https:\/\/ingridlibra.com\/wpx\/levoluzione-ce-ed-e-sempre-piu-veloce\/","title":{"rendered":"L&#8217;evoluzione c&#8217;\u00e8 ed \u00e8 sempre pi\u00f9 veloce"},"content":{"rendered":"<p><img loading=\"lazy\" class=\"alignnone wp-image-7311\" src=\"https:\/\/ingridlibra.com\/wpx\/wp-content\/uploads\/2018\/11\/hands-1838658-1024x685.jpg\" alt=\"\" width=\"943\" height=\"631\" srcset=\"https:\/\/ingridlibra.com\/wpx\/wp-content\/uploads\/2018\/11\/hands-1838658-1024x685.jpg 1024w, https:\/\/ingridlibra.com\/wpx\/wp-content\/uploads\/2018\/11\/hands-1838658-300x201.jpg 300w, https:\/\/ingridlibra.com\/wpx\/wp-content\/uploads\/2018\/11\/hands-1838658-768x514.jpg 768w, https:\/\/ingridlibra.com\/wpx\/wp-content\/uploads\/2018\/11\/hands-1838658-600x400.jpg 600w, https:\/\/ingridlibra.com\/wpx\/wp-content\/uploads\/2018\/11\/hands-1838658-1280x857.jpg 1280w, https:\/\/ingridlibra.com\/wpx\/wp-content\/uploads\/2018\/11\/hands-1838658-1912x1280.jpg 1912w\" sizes=\"(max-width: 943px) 100vw, 943px\" \/><\/p>\n<p><strong>L&#8217;evoluzione c&#8217;\u00e8 ed \u00e8 sempre pi\u00f9 veloce<\/strong><\/p>\n<p>Incontrando e parlando con tante persone ogni giorno, mi capita spesso di discutere di crescita ed evoluzione. Purtroppo molti sono pessimisti, si fanno influenzare da ci\u00f2 che accade nel mondo, sempre attaccati alle notizie negative che i media ci propinano giorno dopo giorno. In effetti, se guardiamo i telegiornali, la maggior parte delle informazioni riguardano fatti negativi, sia di cronaca che di politica, sia di attualit\u00e0 che di societ\u00e0. Molto di ci\u00f2 che \u00e8 positivo o propositivo viene tenuto nascosto, o messo ai margini delle notizie.<br \/>\nIn tanti anni di lavoro olistico, mi rendo conto che \u00e8 difficile vedere &#8216;il bello ed il buono&#8217; in una societ\u00e0 che \u00e8 manipolata dal potere che ci vuole succubi e afflitti, in una societ\u00e0 che vuole essere tenuta all&#8217;oscuro della Luce, in una societ\u00e0 che non vuole cambiare, perch\u00e8 il cambiamento fa paura, \u00e8 faticoso e talvolta doloroso, in quanto viene visto come un lasciare la propria &#8216;zona comfort&#8217;.<\/p>\n<p>Ebbene, la mia personale considerazione \u00e8 che invece il cambiamento \u00e8 in atto, \u00e8 forte, potente e anche se viene occultato, questa ondata silente non sar\u00e0 silenziosa ancora per tanto. Il cambiamento \u00e8 sempre pi\u00f9 veloce e rapido, \u00e8 esponenziale, e non pu\u00f2 essere fermato da nessuno, nemmeno dal potere. Il cambiamento in atto lo vediamo anche da ci\u00f2 che succede a livello meteorologico: il clima non \u00e8 pi\u00f9 lo stesso, ma dimentichiamo che anche il pianeta Terra cambia, cos\u00ec come \u00e8 sempre stato nei secoli che si sono susseguiti era dopo era. Certo, porta scompiglio e talvolta distruzione, ma nel cambiamento spesso nulla \u00e8 pi\u00f9 come prima e ci\u00f2 si riflette anche a livello terrestre.<\/p>\n<p>Un altro esempio: vi siete accorti che i bambini di oggi sono profondamente diversi dai bambini di una volta? Per fare un paragone facilmente comprensibile, i bambini nati negli anni 60, 70, 80 sono un po&#8217; come i telefoni grigi con la rotella ed il filo attorcigliato, i bambini nati dopo il 2000 sono come gli smartphone di ultima generazione. E allora? Possiamo davvere credere che sia possibile un&#8217;evoluzione tecnologica senza al contempo un &#8216;evoluzione fisica, emotiva, spirituale e di coscienza?<br \/>\nSarebbe come immaginare l&#8217;uomo di Neanderthal che va in giro con clava e iPhone! Indubbiamente dall&#8217;esterno siamo ancora esseri umani con una testa, due braccia e due gambe, e dunque sembriamo apparentemente uguali a quelli di prima, ma la coscienza cambia e sta cambiando alla velocit\u00e0 della Luce e cos\u00ec anche il nostro stesso DNA. Come dentro, cos\u00ec fuori, come sopra, cos\u00ec sotto.<\/p>\n<p>Benvenuta cara evoluzione!<\/p>\n<p style=\"text-align: left;\"><strong>Ingrid Cella<\/strong> &#8211; <a href=\"https:\/\/www.ingridlibra.com\">ingridlibra.com<\/a><\/p>\n<p style=\"font-size: 13px; line-height: 14px;\">(riproduzione consentita con citazione della fonte)<\/p>\n","protected":false},"excerpt":{"rendered":"<p>L&#8217;evoluzione c&#8217;\u00e8 ed \u00e8 sempre pi\u00f9 veloce Incontrando e parlando con tante persone ogni giorno, mi capita spesso di discutere di crescita ed evoluzione. Purtroppo molti sono pessimisti, si fanno influenzare da ci\u00f2 che accade nel mondo, sempre attaccati alle notizie negative che i media ci propinano giorno dopo giorno. In effetti, se guardiamo i [&hellip;]<\/p>\n","protected":false},"author":2,"featured_media":0,"comment_status":"open","ping_status":"open","sticky":false,"template":"","format":"standard","meta":[],"categories":[1],"tags":[],"_links":{"self":[{"href":"https:\/\/ingridlibra.com\/wpx\/wp-json\/wp\/v2\/posts\/7310"}],"collection":[{"href":"https:\/\/ingridlibra.com\/wpx\/wp-json\/wp\/v2\/posts"}],"about":[{"href":"https:\/\/ingridlibra.com\/wpx\/wp-json\/wp\/v2\/types\/post"}],"author":[{"embeddable":true,"href":"https:\/\/ingridlibra.com\/wpx\/wp-json\/wp\/v2\/users\/2"}],"replies":[{"embeddable":true,"href":"https:\/\/ingridlibra.com\/wpx\/wp-json\/wp\/v2\/comments?post=7310"}],"version-history":[{"count":10,"href":"https:\/\/ingridlibra.com\/wpx\/wp-json\/wp\/v2\/posts\/7310\/revisions"}],"predecessor-version":[{"id":7328,"href":"https:\/\/ingridlibra.com\/wpx\/wp-json\/wp\/v2\/posts\/7310\/revisions\/7328"}],"wp:attachment":[{"href":"https:\/\/ingridlibra.com\/wpx\/wp-json\/wp\/v2\/media?parent=7310"}],"wp:term":[{"taxonomy":"category","embeddable":true,"href":"https:\/\/ingridlibra.com\/wpx\/wp-json\/wp\/v2\/categories?post=7310"},{"taxonomy":"post_tag","embeddable":true,"href":"https:\/\/ingridlibra.com\/wpx\/wp-json\/wp\/v2\/tags?post=7310"}],"curies":[{"name":"wp","href":"https:\/\/api.w.org\/{rel}","templated":true}]}}